{"id":443,"date":"2017-03-17T16:51:00","date_gmt":"2017-03-17T15:51:00","guid":{"rendered":"http:\/\/www.tecnoplagas21.es\/blog\/?p=443"},"modified":"2017-09-21T16:50:21","modified_gmt":"2017-09-21T14:50:21","slug":"detectados-cuatro-casos-de-legionella-en-el-norte-de-portugal","status":"publish","type":"post","link":"https:\/\/www.tecnoplagas21.es\/blog\/detectados-cuatro-casos-de-legionella-en-el-norte-de-portugal\/","title":{"rendered":"DETECTADOS CUATRO CASOS DE LEGIONELLA EN EL NORTE DE PORTUGAL"},"content":{"rendered":"<p>Al menos cuatro casos de Legionella han sido detectados en el norte\u00f1o municipio portugu\u00e9s de Maia, cercano a la ciudad de Oporto, confirmaron hoy las autoridades lusas.<\/p>\n<p>La Direcci\u00f3n General de Salud (DGS) portuguesa inform\u00f3 de que hoy se han confirmado dos nuevos casos, ambos en pacientes internados en hospitales de Oporto con \u00abestado cl\u00ednico considerado estable\u00bb.<\/p>\n<p>Con esta nueva informaci\u00f3n, la DGS puntualiz\u00f3 que se puede \u00abadmitir la posibilidad de una exposici\u00f3n ocupacional\u00bb, toda vez que los dos infectados son trabajadores de la misma unidad en la f\u00e1brica de piezas automotrices que la empresa Sakthi tiene en Maia.<\/p>\n<p>Otros dos empleados de esa compa\u00f1\u00eda en el mismo municipio ya hab\u00edan dado positivo en Legionella desde el pasado noviembre, por lo que el n\u00famero total de casos asciende a cuatro.<\/p>\n<p>A ra\u00edz de estos casos, las autoridades realizaron una inspecci\u00f3n en la f\u00e1brica, donde las muestras tomadas han dado negativo en Legionella, inform\u00f3 hoy el Ministerio de Ambiente en un comunicado en el que indic\u00f3 que, ante la ausencia de riesgo verificada, no se tomar\u00e1n medidas adicionales.<\/p>\n<p>La DGS subray\u00f3 en su actualizaci\u00f3n que, pese a confirmarse un nuevo caso, la poblaci\u00f3n residente en Maia \u00abno necesita tomar precauciones adicionales\u00bb.<\/p>\n<p>Portugal ya sufri\u00f3 un fuerte brote de Legionella en noviembre de 2014, en la localidad de Vila Franca de Xira -a unos 35 kil\u00f3metros al norte de Lisboa-, considerado el tercer mayor de esta enfermedad en el mundo, tras causar 14 muertos y 403 personas infectadas.<\/p>\n<p>El brote de Legionella, un tipo de neumon\u00eda causada por bacterias que generalmente se produce por respirar vapor de agua que las contiene, fue calificado por la Organizaci\u00f3n Mundial de la Salud (OMS) como una \u00abgran emergencia de salud p\u00fablica\u00bb.<\/p>\n<p>Fuente: La Vanguardia<\/p>\n","protected":false},"excerpt":{"rendered":"<p>Al menos cuatro casos de Legionella han sido detectados en el norte\u00f1o municipio portugu\u00e9s de Maia, cercano a la ciudad [&hellip;]<\/p>\n","protected":false},"author":1,"featured_media":444,"comment_status":"open","ping_status":"closed","sticky":false,"template":"","format":"standard","meta":{"site-sidebar-layout":"default","site-content-layout":"","ast-site-content-layout":"default","site-content-style":"default","site-sidebar-style":"default","ast-global-header-display":"","ast-banner-title-visibility":"","ast-main-header-display":"","ast-hfb-above-header-display":"","ast-hfb-below-header-display":"","ast-hfb-mobile-header-display":"","site-post-title":"","ast-breadcrumbs-content":"","ast-featured-img":"","footer-sml-layout":"","theme-transparent-header-meta":"","adv-header-id-meta":"","stick-header-meta":"","header-above-stick-meta":"","header-main-stick-meta":"","header-below-stick-meta":"","astra-migrate-meta-layouts":"default","ast-page-background-enabled":"default","ast-page-background-meta":{"desktop":{"background-color":"var(--ast-global-color-5)","background-image":"","background-repeat":"repeat","background-position":"center center","background-size":"auto","background-attachment":"scroll","background-type":"","background-media":"","overlay-type":"","overlay-color":"","overlay-opacity":"","overlay-gradient":""},"tablet":{"background-color":"","background-image":"","background-repeat":"repeat","background-position":"center center","background-size":"auto","background-attachment":"scroll","background-type":"","background-media":"","overlay-type":"","overlay-color":"","overlay-opacity":"","overlay-gradient":""},"mobile":{"background-color":"","background-image":"","background-repeat":"repeat","background-position":"center center","background-size":"auto","background-attachment":"scroll","background-type":"","background-media":"","overlay-type":"","overlay-color":"","overlay-opacity":"","overlay-gradient":""}},"ast-content-background-meta":{"desktop":{"background-color":"var(--ast-global-color-4)","background-image":"","background-repeat":"repeat","background-position":"center center","background-size":"auto","background-attachment":"scroll","background-type":"","background-media":"","overlay-type":"","overlay-color":"","overlay-opacity":"","overlay-gradient":""},"tablet":{"background-color":"var(--ast-global-color-4)","background-image":"","background-repeat":"repeat","background-position":"center center","background-size":"auto","background-attachment":"scroll","background-type":"","background-media":"","overlay-type":"","overlay-color":"","overlay-opacity":"","overlay-gradient":""},"mobile":{"background-color":"var(--ast-global-color-4)","background-image":"","background-repeat":"repeat","background-position":"center center","background-size":"auto","background-attachment":"scroll","background-type":"","background-media":"","overlay-type":"","overlay-color":"","overlay-opacity":"","overlay-gradient":""}},"footnotes":""},"categories":[7],"tags":[31],"class_list":["post-443","post","type-post","status-publish","format-standard","has-post-thumbnail","hentry","category-legionella","tag-legionella"],"yoast_head":"<!-- This site is optimized with the Yoast SEO plugin v26.1.1 - https:\/\/yoast.com\/wordpress\/plugins\/seo\/ -->\n<title>DETECTADOS CUATRO CASOS DE LEGIONELLA EN EL NORTE DE PORTUGAL - Tecnoplagas XXI<\/title>\n<meta name=\"robots\" content=\"index, follow, max-snippet:-1, max-image-preview:large, max-video-preview:-1\" \/>\n<link rel=\"canonical\" href=\"https:\/\/www.tecnoplagas21.es\/blog\/detectados-cuatro-casos-de-legionella-en-el-norte-de-portugal\/\" \/>\n<meta property=\"og:locale\" content=\"es_ES\" \/>\n<meta property=\"og:type\" content=\"article\" \/>\n<meta property=\"og:title\" content=\"DETECTADOS CUATRO CASOS DE LEGIONELLA EN EL NORTE DE PORTUGAL - Tecnoplagas XXI\" \/>\n<meta property=\"og:description\" content=\"Al menos cuatro casos de Legionella han sido detectados en el norte\u00f1o municipio portugu\u00e9s de Maia, cercano a la ciudad [&hellip;]\" \/>\n<meta property=\"og:url\" content=\"https:\/\/www.tecnoplagas21.es\/blog\/detectados-cuatro-casos-de-legionella-en-el-norte-de-portugal\/\" \/>\n<meta property=\"og:site_name\" content=\"Tecnoplagas XXI\" \/>\n<meta property=\"article:published_time\" content=\"2017-03-17T15:51:00+00:00\" \/>\n<meta property=\"article:modified_time\" content=\"2017-09-21T14:50:21+00:00\" \/>\n<meta property=\"og:image\" content=\"https:\/\/www.tecnoplagas21.es\/blog\/wp-content\/uploads\/2017\/03\/TECNOPLAGAS_LEGIONELLA-EN-PORTUGAL.jpg\" \/>\n\t<meta property=\"og:image:width\" content=\"612\" \/>\n\t<meta property=\"og:image:height\" content=\"480\" \/>\n\t<meta property=\"og:image:type\" content=\"image\/jpeg\" \/>\n<meta name=\"author\" content=\"TECNOPLAGAS XXI\" \/>\n<meta name=\"twitter:card\" content=\"summary_large_image\" \/>\n<meta name=\"twitter:label1\" content=\"Escrito por\" \/>\n\t<meta name=\"twitter:data1\" content=\"TECNOPLAGAS XXI\" \/>\n\t<meta name=\"twitter:label2\" content=\"Tiempo de lectura\" \/>\n\t<meta name=\"twitter:data2\" content=\"2 minutos\" \/>\n<script type=\"application\/ld+json\" class=\"yoast-schema-graph\">{\"@context\":\"https:\/\/schema.org\",\"@graph\":[{\"@type\":\"Article\",\"@id\":\"https:\/\/www.tecnoplagas21.es\/blog\/detectados-cuatro-casos-de-legionella-en-el-norte-de-portugal\/#article\",\"isPartOf\":{\"@id\":\"https:\/\/www.tecnoplagas21.es\/blog\/detectados-cuatro-casos-de-legionella-en-el-norte-de-portugal\/\"},\"author\":{\"name\":\"TECNOPLAGAS XXI\",\"@id\":\"https:\/\/www.tecnoplagas21.es\/blog\/#\/schema\/person\/c8ab14d73dbd1d680df22f3feaa5346c\"},\"headline\":\"DETECTADOS CUATRO CASOS DE LEGIONELLA EN EL NORTE DE PORTUGAL\",\"datePublished\":\"2017-03-17T15:51:00+00:00\",\"dateModified\":\"2017-09-21T14:50:21+00:00\",\"mainEntityOfPage\":{\"@id\":\"https:\/\/www.tecnoplagas21.es\/blog\/detectados-cuatro-casos-de-legionella-en-el-norte-de-portugal\/\"},\"wordCount\":315,\"commentCount\":0,\"publisher\":{\"@id\":\"https:\/\/www.tecnoplagas21.es\/blog\/#organization\"},\"image\":{\"@id\":\"https:\/\/www.tecnoplagas21.es\/blog\/detectados-cuatro-casos-de-legionella-en-el-norte-de-portugal\/#primaryimage\"},\"thumbnailUrl\":\"https:\/\/www.tecnoplagas21.es\/blog\/wp-content\/uploads\/2017\/03\/TECNOPLAGAS_LEGIONELLA-EN-PORTUGAL.jpg\",\"keywords\":[\"Legionella\"],\"articleSection\":[\"LEGIONELLA\"],\"inLanguage\":\"es\",\"potentialAction\":[{\"@type\":\"CommentAction\",\"name\":\"Comment\",\"target\":[\"https:\/\/www.tecnoplagas21.es\/blog\/detectados-cuatro-casos-de-legionella-en-el-norte-de-portugal\/#respond\"]}]},{\"@type\":\"WebPage\",\"@id\":\"https:\/\/www.tecnoplagas21.es\/blog\/detectados-cuatro-casos-de-legionella-en-el-norte-de-portugal\/\",\"url\":\"https:\/\/www.tecnoplagas21.es\/blog\/detectados-cuatro-casos-de-legionella-en-el-norte-de-portugal\/\",\"name\":\"DETECTADOS CUATRO CASOS DE LEGIONELLA EN EL NORTE DE PORTUGAL - Tecnoplagas XXI\",\"isPartOf\":{\"@id\":\"https:\/\/www.tecnoplagas21.es\/blog\/#website\"},\"primaryImageOfPage\":{\"@id\":\"https:\/\/www.tecnoplagas21.es\/blog\/detectados-cuatro-casos-de-legionella-en-el-norte-de-portugal\/#primaryimage\"},\"image\":{\"@id\":\"https:\/\/www.tecnoplagas21.es\/blog\/detectados-cuatro-casos-de-legionella-en-el-norte-de-portugal\/#primaryimage\"},\"thumbnailUrl\":\"https:\/\/www.tecnoplagas21.es\/blog\/wp-content\/uploads\/2017\/03\/TECNOPLAGAS_LEGIONELLA-EN-PORTUGAL.jpg\",\"datePublished\":\"2017-03-17T15:51:00+00:00\",\"dateModified\":\"2017-09-21T14:50:21+00:00\",\"breadcrumb\":{\"@id\":\"https:\/\/www.tecnoplagas21.es\/blog\/detectados-cuatro-casos-de-legionella-en-el-norte-de-portugal\/#breadcrumb\"},\"inLanguage\":\"es\",\"potentialAction\":[{\"@type\":\"ReadAction\",\"target\":[\"https:\/\/www.tecnoplagas21.es\/blog\/detectados-cuatro-casos-de-legionella-en-el-norte-de-portugal\/\"]}]},{\"@type\":\"ImageObject\",\"inLanguage\":\"es\",\"@id\":\"https:\/\/www.tecnoplagas21.es\/blog\/detectados-cuatro-casos-de-legionella-en-el-norte-de-portugal\/#primaryimage\",\"url\":\"https:\/\/www.tecnoplagas21.es\/blog\/wp-content\/uploads\/2017\/03\/TECNOPLAGAS_LEGIONELLA-EN-PORTUGAL.jpg\",\"contentUrl\":\"https:\/\/www.tecnoplagas21.es\/blog\/wp-content\/uploads\/2017\/03\/TECNOPLAGAS_LEGIONELLA-EN-PORTUGAL.jpg\",\"width\":612,\"height\":480},{\"@type\":\"BreadcrumbList\",\"@id\":\"https:\/\/www.tecnoplagas21.es\/blog\/detectados-cuatro-casos-de-legionella-en-el-norte-de-portugal\/#breadcrumb\",\"itemListElement\":[{\"@type\":\"ListItem\",\"position\":1,\"name\":\"Portada\",\"item\":\"https:\/\/www.tecnoplagas21.es\/blog\/\"},{\"@type\":\"ListItem\",\"position\":2,\"name\":\"DETECTADOS CUATRO CASOS DE LEGIONELLA EN EL NORTE DE PORTUGAL\"}]},{\"@type\":\"WebSite\",\"@id\":\"https:\/\/www.tecnoplagas21.es\/blog\/#website\",\"url\":\"https:\/\/www.tecnoplagas21.es\/blog\/\",\"name\":\"Tecnoplagas XXI\",\"description\":\"Empresa de Control de Plagas\",\"publisher\":{\"@id\":\"https:\/\/www.tecnoplagas21.es\/blog\/#organization\"},\"potentialAction\":[{\"@type\":\"SearchAction\",\"target\":{\"@type\":\"EntryPoint\",\"urlTemplate\":\"https:\/\/www.tecnoplagas21.es\/blog\/?s={search_term_string}\"},\"query-input\":{\"@type\":\"PropertyValueSpecification\",\"valueRequired\":true,\"valueName\":\"search_term_string\"}}],\"inLanguage\":\"es\"},{\"@type\":\"Organization\",\"@id\":\"https:\/\/www.tecnoplagas21.es\/blog\/#organization\",\"name\":\"Tecnoplagas XXI\",\"url\":\"https:\/\/www.tecnoplagas21.es\/blog\/\",\"logo\":{\"@type\":\"ImageObject\",\"inLanguage\":\"es\",\"@id\":\"https:\/\/www.tecnoplagas21.es\/blog\/#\/schema\/logo\/image\/\",\"url\":\"https:\/\/www.tecnoplagas21.es\/blog\/wp-content\/uploads\/2025\/04\/tecnoplagas-LOGO.png\",\"contentUrl\":\"https:\/\/www.tecnoplagas21.es\/blog\/wp-content\/uploads\/2025\/04\/tecnoplagas-LOGO.png\",\"width\":637,\"height\":157,\"caption\":\"Tecnoplagas XXI\"},\"image\":{\"@id\":\"https:\/\/www.tecnoplagas21.es\/blog\/#\/schema\/logo\/image\/\"}},{\"@type\":\"Person\",\"@id\":\"https:\/\/www.tecnoplagas21.es\/blog\/#\/schema\/person\/c8ab14d73dbd1d680df22f3feaa5346c\",\"name\":\"TECNOPLAGAS XXI\",\"image\":{\"@type\":\"ImageObject\",\"inLanguage\":\"es\",\"@id\":\"https:\/\/www.tecnoplagas21.es\/blog\/#\/schema\/person\/image\/\",\"url\":\"https:\/\/secure.gravatar.com\/avatar\/63971b32c213162cabad02d674893559a836fee90e05360c89037a17c1e922d6?s=96&d=mm&r=g\",\"contentUrl\":\"https:\/\/secure.gravatar.com\/avatar\/63971b32c213162cabad02d674893559a836fee90e05360c89037a17c1e922d6?s=96&d=mm&r=g\",\"caption\":\"TECNOPLAGAS XXI\"},\"url\":\"https:\/\/www.tecnoplagas21.es\/blog\/author\/visolut_u92djk39\/\"}]}<\/script>\n<!-- \/ Yoast SEO plugin. -->","yoast_head_json":{"title":"DETECTADOS CUATRO CASOS DE LEGIONELLA EN EL NORTE DE PORTUGAL - Tecnoplagas XXI","robots":{"index":"index","follow":"follow","max-snippet":"max-snippet:-1","max-image-preview":"max-image-preview:large","max-video-preview":"max-video-preview:-1"},"canonical":"https:\/\/www.tecnoplagas21.es\/blog\/detectados-cuatro-casos-de-legionella-en-el-norte-de-portugal\/","og_locale":"es_ES","og_type":"article","og_title":"DETECTADOS CUATRO CASOS DE LEGIONELLA EN EL NORTE DE PORTUGAL - Tecnoplagas XXI","og_description":"Al menos cuatro casos de Legionella han sido detectados en el norte\u00f1o municipio portugu\u00e9s de Maia, cercano a la ciudad [&hellip;]","og_url":"https:\/\/www.tecnoplagas21.es\/blog\/detectados-cuatro-casos-de-legionella-en-el-norte-de-portugal\/","og_site_name":"Tecnoplagas XXI","article_published_time":"2017-03-17T15:51:00+00:00","article_modified_time":"2017-09-21T14:50:21+00:00","og_image":[{"width":612,"height":480,"url":"https:\/\/www.tecnoplagas21.es\/blog\/wp-content\/uploads\/2017\/03\/TECNOPLAGAS_LEGIONELLA-EN-PORTUGAL.jpg","type":"image\/jpeg"}],"author":"TECNOPLAGAS XXI","twitter_card":"summary_large_image","twitter_misc":{"Escrito por":"TECNOPLAGAS XXI","Tiempo de lectura":"2 minutos"},"schema":{"@context":"https:\/\/schema.org","@graph":[{"@type":"Article","@id":"https:\/\/www.tecnoplagas21.es\/blog\/detectados-cuatro-casos-de-legionella-en-el-norte-de-portugal\/#article","isPartOf":{"@id":"https:\/\/www.tecnoplagas21.es\/blog\/detectados-cuatro-casos-de-legionella-en-el-norte-de-portugal\/"},"author":{"name":"TECNOPLAGAS XXI","@id":"https:\/\/www.tecnoplagas21.es\/blog\/#\/schema\/person\/c8ab14d73dbd1d680df22f3feaa5346c"},"headline":"DETECTADOS CUATRO CASOS DE LEGIONELLA EN EL NORTE DE PORTUGAL","datePublished":"2017-03-17T15:51:00+00:00","dateModified":"2017-09-21T14:50:21+00:00","mainEntityOfPage":{"@id":"https:\/\/www.tecnoplagas21.es\/blog\/detectados-cuatro-casos-de-legionella-en-el-norte-de-portugal\/"},"wordCount":315,"commentCount":0,"publisher":{"@id":"https:\/\/www.tecnoplagas21.es\/blog\/#organization"},"image":{"@id":"https:\/\/www.tecnoplagas21.es\/blog\/detectados-cuatro-casos-de-legionella-en-el-norte-de-portugal\/#primaryimage"},"thumbnailUrl":"https:\/\/www.tecnoplagas21.es\/blog\/wp-content\/uploads\/2017\/03\/TECNOPLAGAS_LEGIONELLA-EN-PORTUGAL.jpg","keywords":["Legionella"],"articleSection":["LEGIONELLA"],"inLanguage":"es","potentialAction":[{"@type":"CommentAction","name":"Comment","target":["https:\/\/www.tecnoplagas21.es\/blog\/detectados-cuatro-casos-de-legionella-en-el-norte-de-portugal\/#respond"]}]},{"@type":"WebPage","@id":"https:\/\/www.tecnoplagas21.es\/blog\/detectados-cuatro-casos-de-legionella-en-el-norte-de-portugal\/","url":"https:\/\/www.tecnoplagas21.es\/blog\/detectados-cuatro-casos-de-legionella-en-el-norte-de-portugal\/","name":"DETECTADOS CUATRO CASOS DE LEGIONELLA EN EL NORTE DE PORTUGAL - Tecnoplagas XXI","isPartOf":{"@id":"https:\/\/www.tecnoplagas21.es\/blog\/#website"},"primaryImageOfPage":{"@id":"https:\/\/www.tecnoplagas21.es\/blog\/detectados-cuatro-casos-de-legionella-en-el-norte-de-portugal\/#primaryimage"},"image":{"@id":"https:\/\/www.tecnoplagas21.es\/blog\/detectados-cuatro-casos-de-legionella-en-el-norte-de-portugal\/#primaryimage"},"thumbnailUrl":"https:\/\/www.tecnoplagas21.es\/blog\/wp-content\/uploads\/2017\/03\/TECNOPLAGAS_LEGIONELLA-EN-PORTUGAL.jpg","datePublished":"2017-03-17T15:51:00+00:00","dateModified":"2017-09-21T14:50:21+00:00","breadcrumb":{"@id":"https:\/\/www.tecnoplagas21.es\/blog\/detectados-cuatro-casos-de-legionella-en-el-norte-de-portugal\/#breadcrumb"},"inLanguage":"es","potentialAction":[{"@type":"ReadAction","target":["https:\/\/www.tecnoplagas21.es\/blog\/detectados-cuatro-casos-de-legionella-en-el-norte-de-portugal\/"]}]},{"@type":"ImageObject","inLanguage":"es","@id":"https:\/\/www.tecnoplagas21.es\/blog\/detectados-cuatro-casos-de-legionella-en-el-norte-de-portugal\/#primaryimage","url":"https:\/\/www.tecnoplagas21.es\/blog\/wp-content\/uploads\/2017\/03\/TECNOPLAGAS_LEGIONELLA-EN-PORTUGAL.jpg","contentUrl":"https:\/\/www.tecnoplagas21.es\/blog\/wp-content\/uploads\/2017\/03\/TECNOPLAGAS_LEGIONELLA-EN-PORTUGAL.jpg","width":612,"height":480},{"@type":"BreadcrumbList","@id":"https:\/\/www.tecnoplagas21.es\/blog\/detectados-cuatro-casos-de-legionella-en-el-norte-de-portugal\/#breadcrumb","itemListElement":[{"@type":"ListItem","position":1,"name":"Portada","item":"https:\/\/www.tecnoplagas21.es\/blog\/"},{"@type":"ListItem","position":2,"name":"DETECTADOS CUATRO CASOS DE LEGIONELLA EN EL NORTE DE PORTUGAL"}]},{"@type":"WebSite","@id":"https:\/\/www.tecnoplagas21.es\/blog\/#website","url":"https:\/\/www.tecnoplagas21.es\/blog\/","name":"Tecnoplagas XXI","description":"Empresa de Control de Plagas","publisher":{"@id":"https:\/\/www.tecnoplagas21.es\/blog\/#organization"},"potentialAction":[{"@type":"SearchAction","target":{"@type":"EntryPoint","urlTemplate":"https:\/\/www.tecnoplagas21.es\/blog\/?s={search_term_string}"},"query-input":{"@type":"PropertyValueSpecification","valueRequired":true,"valueName":"search_term_string"}}],"inLanguage":"es"},{"@type":"Organization","@id":"https:\/\/www.tecnoplagas21.es\/blog\/#organization","name":"Tecnoplagas XXI","url":"https:\/\/www.tecnoplagas21.es\/blog\/","logo":{"@type":"ImageObject","inLanguage":"es","@id":"https:\/\/www.tecnoplagas21.es\/blog\/#\/schema\/logo\/image\/","url":"https:\/\/www.tecnoplagas21.es\/blog\/wp-content\/uploads\/2025\/04\/tecnoplagas-LOGO.png","contentUrl":"https:\/\/www.tecnoplagas21.es\/blog\/wp-content\/uploads\/2025\/04\/tecnoplagas-LOGO.png","width":637,"height":157,"caption":"Tecnoplagas XXI"},"image":{"@id":"https:\/\/www.tecnoplagas21.es\/blog\/#\/schema\/logo\/image\/"}},{"@type":"Person","@id":"https:\/\/www.tecnoplagas21.es\/blog\/#\/schema\/person\/c8ab14d73dbd1d680df22f3feaa5346c","name":"TECNOPLAGAS XXI","image":{"@type":"ImageObject","inLanguage":"es","@id":"https:\/\/www.tecnoplagas21.es\/blog\/#\/schema\/person\/image\/","url":"https:\/\/secure.gravatar.com\/avatar\/63971b32c213162cabad02d674893559a836fee90e05360c89037a17c1e922d6?s=96&d=mm&r=g","contentUrl":"https:\/\/secure.gravatar.com\/avatar\/63971b32c213162cabad02d674893559a836fee90e05360c89037a17c1e922d6?s=96&d=mm&r=g","caption":"TECNOPLAGAS XXI"},"url":"https:\/\/www.tecnoplagas21.es\/blog\/author\/visolut_u92djk39\/"}]}},"_links":{"self":[{"href":"https:\/\/www.tecnoplagas21.es\/blog\/wp-json\/wp\/v2\/posts\/443","targetHints":{"allow":["GET"]}}],"collection":[{"href":"https:\/\/www.tecnoplagas21.es\/blog\/wp-json\/wp\/v2\/posts"}],"about":[{"href":"https:\/\/www.tecnoplagas21.es\/blog\/wp-json\/wp\/v2\/types\/post"}],"author":[{"embeddable":true,"href":"https:\/\/www.tecnoplagas21.es\/blog\/wp-json\/wp\/v2\/users\/1"}],"replies":[{"embeddable":true,"href":"https:\/\/www.tecnoplagas21.es\/blog\/wp-json\/wp\/v2\/comments?post=443"}],"version-history":[{"count":1,"href":"https:\/\/www.tecnoplagas21.es\/blog\/wp-json\/wp\/v2\/posts\/443\/revisions"}],"predecessor-version":[{"id":445,"href":"https:\/\/www.tecnoplagas21.es\/blog\/wp-json\/wp\/v2\/posts\/443\/revisions\/445"}],"wp:featuredmedia":[{"embeddable":true,"href":"https:\/\/www.tecnoplagas21.es\/blog\/wp-json\/wp\/v2\/media\/444"}],"wp:attachment":[{"href":"https:\/\/www.tecnoplagas21.es\/blog\/wp-json\/wp\/v2\/media?parent=443"}],"wp:term":[{"taxonomy":"category","embeddable":true,"href":"https:\/\/www.tecnoplagas21.es\/blog\/wp-json\/wp\/v2\/categories?post=443"},{"taxonomy":"post_tag","embeddable":true,"href":"https:\/\/www.tecnoplagas21.es\/blog\/wp-json\/wp\/v2\/tags?post=443"}],"curies":[{"name":"wp","href":"https:\/\/api.w.org\/{rel}","templated":true}]}}